{"id":563,"date":"2019-11-01T22:23:40","date_gmt":"2019-11-01T21:23:40","guid":{"rendered":"http:\/\/jogastepanova.cz\/joga\/?p=563"},"modified":"2019-11-01T22:23:44","modified_gmt":"2019-11-01T21:23:44","slug":"jogovy-letecky-pobyt-u-more-pro-rok-2020","status":"publish","type":"post","link":"http:\/\/jogastepanova.cz\/joga\/jogovy-letecky-pobyt-u-more-pro-rok-2020\/","title":{"rendered":"J\u00d3GOV\u00dd leteck\u00fd pobyt u mo\u0159e pro rok 2020"},"content":{"rendered":"\n<ul class=\"wp-block-gallery columns-1 is-cropped wp-block-gallery-1 is-layout-flex wp-block-gallery-is-layout-flex\"><li class=\"blocks-gallery-item\"><figure><img loading=\"lazy\" decoding=\"async\" width=\"1024\" height=\"591\" src=\"http:\/\/jogastepanova.cz\/joga\/wp-content\/uploads\/2019\/11\/200627_Salamis_\u0160t\u011bp\u00e1nova_let\u00e1k-1024x591.jpg\" alt=\"\" data-id=\"564\" data-link=\"http:\/\/jogastepanova.cz\/joga\/?attachment_id=564\" class=\"wp-image-564\" srcset=\"http:\/\/jogastepanova.cz\/joga\/wp-content\/uploads\/2019\/11\/200627_Salamis_\u0160t\u011bp\u00e1nova_let\u00e1k-1024x591.jpg 1024w, http:\/\/jogastepanova.cz\/joga\/wp-content\/uploads\/2019\/11\/200627_Salamis_\u0160t\u011bp\u00e1nova_let\u00e1k-300x173.jpg 300w, http:\/\/jogastepanova.cz\/joga\/wp-content\/uploads\/2019\/11\/200627_Salamis_\u0160t\u011bp\u00e1nova_let\u00e1k-768x443.jpg 768w, http:\/\/jogastepanova.cz\/joga\/wp-content\/uploads\/2019\/11\/200627_Salamis_\u0160t\u011bp\u00e1nova_let\u00e1k.jpg 1747w\" sizes=\"auto, (max-width: 1024px) 100vw, 1024px\" \/><\/figure><\/li><\/ul>\n\n\n\n<p>J\u00d3GOV\u00dd leteck\u00fd pobyt u mo\u0159e pro rok 2020\u00a0&lt;3<br>J\u00f3ga na Severn\u00edm Kypru s Danou \u0160t\u011bp\u00e1novou od 27.6. do 4.7.2020. Ubytov\u00e1n\u00ed v kr\u00e1sn\u00e9m p\u011btihv\u011bzdi\u010dkov\u00e9m hotelu p\u0159\u00edmo na p\u00edse\u010dn\u00e9 pl\u00e1\u017ei s velmi pozvoln\u00fdm vstupem do mo\u0159e, jeho\u017e sou\u010d\u00e1st\u00ed je velk\u00fd baz\u00e9n a i vnit\u0159n\u00ed baz\u00e9n. Lekce j\u00f3gy budou p\u0159\u00edmo u mo\u0159e na d\u0159ev\u011bn\u00e9m molu, z\u00e1rove\u0148 budeme cvi\u010dit i p\u0159\u00edmo na pl\u00e1\u017ei, cel\u00fd komplex je velmi rozlehl\u00fd v klidn\u00e9 \u010d\u00e1sti a z\u00e1rove\u0148 pobl\u00ed\u017e historick\u00e9ho m\u011bsta Famagusta, kter\u00e9 bylo nejbohat\u0161\u00edm historick\u00fdm m\u011bstem a kr\u00e1sou je p\u0159irovn\u00e1v\u00e1no k chorvatsk\u00e9mu Dubrovn\u00edku,v okol\u00ed jsou i antick\u00e9 vykop\u00e1vky.<br>Cena s leteckou dopravou, ubytov\u00e1n\u00ed v p\u011btihv\u011bzdi\u010dkov\u00e9m hotelu, leh\u00e1tka a osu\u0161ky na pl\u00e1\u017ei i u baz\u00e9nu zdarma, ve\u010dern\u00ed anima\u010dn\u00ed programy, disco, stravov\u00e1n\u00ed ULTRA ALL INCLUSIVE, j\u00f3gov\u00fd program a spoustu dal\u0161\u00edch aktivit za cenu 22 790,- K\u010d.<br>V p\u0159\u00edpad\u011b z\u00e1jmu je nutn\u00e1 rezervace p\u0159\u00edmo v CK Capro, kde poskytnou ve\u0161ker\u00e9 informace, p\u0159\u00edpadn\u011b volejte i m\u011b na tel. 733 544 873. Rezervace je nutn\u00e1 do 30.11..2019 a z\u00e1loha pouze 2 500,- K\u010d. Hotel je velmi \u017e\u00e1d\u00e1n\u00fd, proto nev\u00e1hejte s rezervac\u00ed.<br>Pokud m\u00e1te z\u00e1jem a nem\u00e1te spolubydl\u00edc\u00edho, napi\u0161te, ur\u010dit\u011b V\u00e1m spolubydl\u00edc\u00edho najdeme, vznikaj\u00ed n\u00e1m p\u0159i pobytech kr\u00e1sn\u00e1 kamar\u00e1dstv\u00ed. Tak\u00e9 m\u016f\u017eete vyu\u017e\u00edt tento pobyt jako rodinnou dovolenou, cvi\u010d\u00edme 2x denn\u011b a pot\u00e9 ji\u017e je individu\u00e1ln\u00ed program nebo se v\u017edy domluv\u00edme a m\u016f\u017eeme n\u011bco podnikat spole\u010dn\u011b. Pobyt je od soboty do soboty na konci \u0161koln\u00edho roku, tak\u017ee i d\u011bti jsou velmi v\u00edt\u00e1ny, m\u016f\u017eeme cvi\u010dit i d\u011btskou nebo baby yogu.<br>V\u00edce zde v odkazu,v\u010detn\u011b rezervac\u00ed.<br>Za p\u0159\u00edpadn\u00e9 sd\u00edlen\u00ed moc d\u011bkuji.<br><a rel=\"noreferrer noopener\" href=\"https:\/\/www.capro.cz\/zajezdy\/jogovy-pobyt-na-kypru-s-danou-stepanovou.html?fbclid=IwAR0bdSANjvT0uGa9c7kZH1ebnERgexEynhaFQAirSjaiK5Nx-80fq9bwm_M\" target=\"_blank\">https:\/\/www.capro.cz\/\u2026\/jogovy-pobyt-na-kypru-s-danou-stepan\u2026<\/a><\/p>\n","protected":false},"excerpt":{"rendered":"<p>J\u00d3GOV\u00dd leteck\u00fd pobyt u mo\u0159e pro rok 2020\u00a0&lt;3J\u00f3ga na Severn\u00edm Kypru s Danou \u0160t\u011bp\u00e1novou od 27.6. do 4.7.2020. Ubytov\u00e1n\u00ed v kr\u00e1sn\u00e9m p\u011btihv\u011bzdi\u010dkov\u00e9m hotelu p\u0159\u00edmo na p\u00edse\u010dn\u00e9 pl\u00e1\u017ei s velmi pozvoln\u00fdm vstupem do mo\u0159e, jeho\u017e sou\u010d\u00e1st\u00ed je velk\u00fd baz\u00e9n a i vnit\u0159n\u00ed baz\u00e9n. Lekce j\u00f3gy budou p\u0159\u00edmo u mo\u0159e na d\u0159ev\u011bn\u00e9m molu, z\u00e1rove\u0148 budeme cvi\u010dit i <a href=\"http:\/\/jogastepanova.cz\/joga\/jogovy-letecky-pobyt-u-more-pro-rok-2020\/\" rel=\"nofollow\"><span class=\"sr-only\">P\u0159e\u010d\u00edst si v\u00edc oJ\u00d3GOV\u00dd leteck\u00fd pobyt u mo\u0159e pro rok 2020<\/span>[&hellip;]<\/a><\/p>\n","protected":false},"author":2,"featured_media":564,"comment_status":"closed","ping_status":"closed","sticky":false,"template":"","format":"standard","meta":{"footnotes":""},"categories":[1],"tags":[],"class_list":["post-563","post","type-post","status-publish","format-standard","has-post-thumbnail","hentry","category-nezarazene"],"_links":{"self":[{"href":"http:\/\/jogastepanova.cz\/joga\/wp-json\/wp\/v2\/posts\/563","targetHints":{"allow":["GET"]}}],"collection":[{"href":"http:\/\/jogastepanova.cz\/joga\/wp-json\/wp\/v2\/posts"}],"about":[{"href":"http:\/\/jogastepanova.cz\/joga\/wp-json\/wp\/v2\/types\/post"}],"author":[{"embeddable":true,"href":"http:\/\/jogastepanova.cz\/joga\/wp-json\/wp\/v2\/users\/2"}],"replies":[{"embeddable":true,"href":"http:\/\/jogastepanova.cz\/joga\/wp-json\/wp\/v2\/comments?post=563"}],"version-history":[{"count":1,"href":"http:\/\/jogastepanova.cz\/joga\/wp-json\/wp\/v2\/posts\/563\/revisions"}],"predecessor-version":[{"id":565,"href":"http:\/\/jogastepanova.cz\/joga\/wp-json\/wp\/v2\/posts\/563\/revisions\/565"}],"wp:featuredmedia":[{"embeddable":true,"href":"http:\/\/jogastepanova.cz\/joga\/wp-json\/wp\/v2\/media\/564"}],"wp:attachment":[{"href":"http:\/\/jogastepanova.cz\/joga\/wp-json\/wp\/v2\/media?parent=563"}],"wp:term":[{"taxonomy":"category","embeddable":true,"href":"http:\/\/jogastepanova.cz\/joga\/wp-json\/wp\/v2\/categories?post=563"},{"taxonomy":"post_tag","embeddable":true,"href":"http:\/\/jogastepanova.cz\/joga\/wp-json\/wp\/v2\/tags?post=563"}],"curies":[{"name":"wp","href":"https:\/\/api.w.org\/{rel}","templated":true}]}}