{"id":627,"date":"2020-07-27T11:44:54","date_gmt":"2020-07-27T09:44:54","guid":{"rendered":"http:\/\/jogastepanova.cz\/joga\/?p=627"},"modified":"2020-07-27T11:44:56","modified_gmt":"2020-07-27T09:44:56","slug":"cviceni-jogy-v-tydnu-od-27-7-2-8","status":"publish","type":"post","link":"http:\/\/jogastepanova.cz\/joga\/cviceni-jogy-v-tydnu-od-27-7-2-8\/","title":{"rendered":"Cvi\u010den\u00ed j\u00f3gy v t\u00fddnu od 27.7.-2.8."},"content":{"rendered":"\n<p>Cvi\u010den\u00ed j\u00f3gy v t\u00fddnu od 27.7. do 2.8.. Dal\u0161\u00ed pr\u00e1zdninov\u00fd t\u00fdden a jsem tolik r\u00e1da, \u017ee se hodiny napl\u0148uj\u00ed a \u017ee cvi\u010d\u00edme. N\u011bkdy je n\u00e1s v\u00edce, n\u011bkdy m\u00e9n\u011b, tak zb\u00fdv\u00e1 prostor a \u010das na nov\u00e9 pozice, na prohlouben\u00ed j\u00f3gov\u00e9 praxe, nebo prostor pro nov\u00e1\u010dky. V p\u0159\u00edpad\u011b z\u00e1jmu, volejte, pi\u0161te, klidn\u011b i na posledn\u00ed chv\u00edli. N\u011bkdy jste na v\u00fdlet\u011b nebo v pr\u00e1ci a nev\u00edte, zda hodinu stihnete. Nevad\u00ed, na telefonu jsem st\u00e1le a sta\u010d\u00ed napsat p\u00e1r minut p\u0159ed hodinou, p\u0159id\u00e1m podlo\u017eku a cvi\u010d\u00edte. Cena je 110,- K\u010d za hodinu a v\u0161echny pom\u016fcky na j\u00f3gu p\u016fj\u010duji, tak\u017ee nen\u00ed pot\u0159eba nosit sv\u00e9 vlastn\u00ed nebo kupovat. N\u011bkdy n\u00e1s j\u00f3ga oslov\u00ed a n\u011bkdy ne, ale zkusit se m\u00e1 v\u0161e.<br><br><\/p>\n","protected":false},"excerpt":{"rendered":"<p>Cvi\u010den\u00ed j\u00f3gy v t\u00fddnu od 27.7. do 2.8.. Dal\u0161\u00ed pr\u00e1zdninov\u00fd t\u00fdden a jsem tolik r\u00e1da, \u017ee se hodiny napl\u0148uj\u00ed a \u017ee cvi\u010d\u00edme. N\u011bkdy je n\u00e1s v\u00edce, n\u011bkdy m\u00e9n\u011b, tak zb\u00fdv\u00e1 prostor a \u010das na nov\u00e9 pozice, na prohlouben\u00ed j\u00f3gov\u00e9 praxe, nebo prostor pro nov\u00e1\u010dky. V p\u0159\u00edpad\u011b z\u00e1jmu, volejte, pi\u0161te, klidn\u011b i na posledn\u00ed chv\u00edli. N\u011bkdy <a href=\"http:\/\/jogastepanova.cz\/joga\/cviceni-jogy-v-tydnu-od-27-7-2-8\/\" rel=\"nofollow\"><span class=\"sr-only\">P\u0159e\u010d\u00edst si v\u00edc oCvi\u010den\u00ed j\u00f3gy v t\u00fddnu od 27.7.-2.8.<\/span>[&hellip;]<\/a><\/p>\n","protected":false},"author":2,"featured_media":628,"comment_status":"closed","ping_status":"closed","sticky":false,"template":"","format":"standard","meta":{"footnotes":""},"categories":[1],"tags":[],"class_list":["post-627","post","type-post","status-publish","format-standard","has-post-thumbnail","hentry","category-nezarazene"],"_links":{"self":[{"href":"http:\/\/jogastepanova.cz\/joga\/wp-json\/wp\/v2\/posts\/627","targetHints":{"allow":["GET"]}}],"collection":[{"href":"http:\/\/jogastepanova.cz\/joga\/wp-json\/wp\/v2\/posts"}],"about":[{"href":"http:\/\/jogastepanova.cz\/joga\/wp-json\/wp\/v2\/types\/post"}],"author":[{"embeddable":true,"href":"http:\/\/jogastepanova.cz\/joga\/wp-json\/wp\/v2\/users\/2"}],"replies":[{"embeddable":true,"href":"http:\/\/jogastepanova.cz\/joga\/wp-json\/wp\/v2\/comments?post=627"}],"version-history":[{"count":1,"href":"http:\/\/jogastepanova.cz\/joga\/wp-json\/wp\/v2\/posts\/627\/revisions"}],"predecessor-version":[{"id":629,"href":"http:\/\/jogastepanova.cz\/joga\/wp-json\/wp\/v2\/posts\/627\/revisions\/629"}],"wp:featuredmedia":[{"embeddable":true,"href":"http:\/\/jogastepanova.cz\/joga\/wp-json\/wp\/v2\/media\/628"}],"wp:attachment":[{"href":"http:\/\/jogastepanova.cz\/joga\/wp-json\/wp\/v2\/media?parent=627"}],"wp:term":[{"taxonomy":"category","embeddable":true,"href":"http:\/\/jogastepanova.cz\/joga\/wp-json\/wp\/v2\/categories?post=627"},{"taxonomy":"post_tag","embeddable":true,"href":"http:\/\/jogastepanova.cz\/joga\/wp-json\/wp\/v2\/tags?post=627"}],"curies":[{"name":"wp","href":"https:\/\/api.w.org\/{rel}","templated":true}]}}