{"id":780,"date":"2022-05-23T14:42:16","date_gmt":"2022-05-23T12:42:16","guid":{"rendered":"http:\/\/jogastepanova.cz\/joga\/?p=780"},"modified":"2022-05-23T14:45:21","modified_gmt":"2022-05-23T12:45:21","slug":"podzimni-pobyt-s-jogou-v-hotelu-horizont-v-peci-pod-snezkou-ve-dnech-14-16-10-2022-%e2%9d%a4-podzimni-pobyt-s-jogou-v-hotelu-horizont-v-peci-pod-snezkou-ve-dnech-14-16-10-2022-%e2%9d%a4-tri-dny-jogy","status":"publish","type":"post","link":"http:\/\/jogastepanova.cz\/joga\/podzimni-pobyt-s-jogou-v-hotelu-horizont-v-peci-pod-snezkou-ve-dnech-14-16-10-2022-%e2%9d%a4-podzimni-pobyt-s-jogou-v-hotelu-horizont-v-peci-pod-snezkou-ve-dnech-14-16-10-2022-%e2%9d%a4-tri-dny-jogy\/","title":{"rendered":"Podzimn\u00ed j\u00f3gov\u00fd pobyt v Peci pod Sn\u011b\u017ekou-\u0159\u00edjen 2022"},"content":{"rendered":"\n<figure class=\"wp-block-image\"><img decoding=\"async\" src=\"https:\/\/static.xx.fbcdn.net\/images\/emoji.php\/v9\/t6c\/1\/16\/2764.png\" alt=\"\u2764\"\/><\/figure>\n\n\n\n<p>Podzimn\u00ed pobyt s j\u00f3gou v Hotelu Horizont v Peci pod Sn\u011b\u017ekou<br>ve dnech 14.-16.10.2022&nbsp;<\/p>\n\n\n\n<figure class=\"wp-block-image\"><img decoding=\"async\" src=\"https:\/\/static.xx.fbcdn.net\/images\/emoji.php\/v9\/t6c\/1\/16\/2764.png\" alt=\"\u2764\"\/><\/figure>\n\n\n\n<p>T\u0159i dny j\u00f3gy od p\u00e1tku 14.10 do ned\u011ble 16.10.2022. P\u0159idejte se k n\u00e1m a pokud nem\u00e1te druh\u00e9ho k sob\u011b na pokoj, pi\u0161te, v\u017edy se n\u00e1m poda\u0159ilo naj\u00edt spolubydl\u00edc\u00edho a vznikaj\u00ed tak dobr\u00e1 kamar\u00e1dstv\u00ed.<br>Pokud j\u00f3gu necvi\u010d\u00edte, ani to nevad\u00ed, proto\u017ee cvi\u010d\u00edme na p\u0159\u00e1n\u00ed v\u0161ech, nejv\u00edce obl\u00edbenou jemnou j\u00f3gu pro zdrav\u00e1 z\u00e1da, kdy je p\u0159\u00edjemn\u00e9 se prot\u00e1hnout po celodenn\u00ed t\u016f\u0159e nebo rann\u00ed j\u00f3ga, kter\u00e1 n\u00e1s naopak uvoln\u00ed a dod\u00e1 energii na cel\u00fd den. Ur\u010dit\u011b vezm\u011bte sebou partnery, kamar\u00e1dy, proto\u017ee cvi\u010den\u00ed je r\u00e1no a ve\u010der a potom u\u017e je na ka\u017ed\u00e9m, zda m\u00e1 vlastn\u00ed program, nebo se p\u0159id\u00e1 k part\u011b nebo zda vyu\u017eije wellness, baz\u00e9n, saunu, v\u00ed\u0159ivku, nebo v\u0161e, co hotel nab\u00edz\u00ed. Pokud v\u00e1\u0161 partner nechce cvi\u010dit, v\u016fbec nevad\u00ed, r\u00e1no si posp\u00ed&nbsp;<\/p>\n\n\n\n<figure class=\"wp-block-image\"><img decoding=\"async\" src=\"https:\/\/static.xx.fbcdn.net\/images\/emoji.php\/v9\/t4c\/1\/16\/1f642.png\" alt=\"\ud83d\ude42\"\/><\/figure>\n\n\n\n<p>&nbsp;j\u00f3ga je prost\u011b bonus k v\u00edkendov\u00e9mu odpo\u010dinku.<br>Vybrala jsem \u0159\u00edjnov\u00e9 datum, abychom m\u011bli je\u0161t\u011b kr\u00e1sn\u00e9 podzimn\u00ed po\u010das\u00ed, tak pokud v\u00e1s l\u00e1k\u00e1 spojen\u00ed hory a j\u00f3ga, v\u00fdborn\u00e9 j\u00eddlo a p\u0159\u00edjemn\u00fd wellness, p\u0159ihla\u0161te se co nejd\u0159\u00edve v CK Capro telefonicky nebo p\u0159\u00edmo p\u0159es odkaz n\u00ed\u017ee uveden\u00fd. Rezervace jsou nutn\u00e9 do 13.9.2022, ale pobyt je v\u017edy rychle obsazen.<br>T\u011b\u0161\u00edm se na V\u00e1s.<br>Rezervace pobytu jsou p\u0159\u00edmo v CK Capro&nbsp;\n\n<\/p>\n","protected":false},"excerpt":{"rendered":"<p>Podzimn\u00ed pobyt s j\u00f3gou v Hotelu Horizont v Peci pod Sn\u011b\u017ekouve dnech 14.-16.10.2022&nbsp; T\u0159i dny j\u00f3gy od p\u00e1tku 14.10 do ned\u011ble 16.10.2022. P\u0159idejte se k n\u00e1m a pokud nem\u00e1te druh\u00e9ho k sob\u011b na pokoj, pi\u0161te, v\u017edy se n\u00e1m poda\u0159ilo naj\u00edt spolubydl\u00edc\u00edho a vznikaj\u00ed tak dobr\u00e1 kamar\u00e1dstv\u00ed.Pokud j\u00f3gu necvi\u010d\u00edte, ani to nevad\u00ed, proto\u017ee cvi\u010d\u00edme na p\u0159\u00e1n\u00ed <a href=\"http:\/\/jogastepanova.cz\/joga\/podzimni-pobyt-s-jogou-v-hotelu-horizont-v-peci-pod-snezkou-ve-dnech-14-16-10-2022-%e2%9d%a4-podzimni-pobyt-s-jogou-v-hotelu-horizont-v-peci-pod-snezkou-ve-dnech-14-16-10-2022-%e2%9d%a4-tri-dny-jogy\/\" rel=\"nofollow\"><span class=\"sr-only\">P\u0159e\u010d\u00edst si v\u00edc oPodzimn\u00ed j\u00f3gov\u00fd pobyt v Peci pod Sn\u011b\u017ekou-\u0159\u00edjen 2022<\/span>[&hellip;]<\/a><\/p>\n","protected":false},"author":2,"featured_media":781,"comment_status":"closed","ping_status":"closed","sticky":false,"template":"","format":"standard","meta":{"footnotes":""},"categories":[1],"tags":[],"class_list":["post-780","post","type-post","status-publish","format-standard","has-post-thumbnail","hentry","category-nezarazene"],"_links":{"self":[{"href":"http:\/\/jogastepanova.cz\/joga\/wp-json\/wp\/v2\/posts\/780","targetHints":{"allow":["GET"]}}],"collection":[{"href":"http:\/\/jogastepanova.cz\/joga\/wp-json\/wp\/v2\/posts"}],"about":[{"href":"http:\/\/jogastepanova.cz\/joga\/wp-json\/wp\/v2\/types\/post"}],"author":[{"embeddable":true,"href":"http:\/\/jogastepanova.cz\/joga\/wp-json\/wp\/v2\/users\/2"}],"replies":[{"embeddable":true,"href":"http:\/\/jogastepanova.cz\/joga\/wp-json\/wp\/v2\/comments?post=780"}],"version-history":[{"count":2,"href":"http:\/\/jogastepanova.cz\/joga\/wp-json\/wp\/v2\/posts\/780\/revisions"}],"predecessor-version":[{"id":784,"href":"http:\/\/jogastepanova.cz\/joga\/wp-json\/wp\/v2\/posts\/780\/revisions\/784"}],"wp:featuredmedia":[{"embeddable":true,"href":"http:\/\/jogastepanova.cz\/joga\/wp-json\/wp\/v2\/media\/781"}],"wp:attachment":[{"href":"http:\/\/jogastepanova.cz\/joga\/wp-json\/wp\/v2\/media?parent=780"}],"wp:term":[{"taxonomy":"category","embeddable":true,"href":"http:\/\/jogastepanova.cz\/joga\/wp-json\/wp\/v2\/categories?post=780"},{"taxonomy":"post_tag","embeddable":true,"href":"http:\/\/jogastepanova.cz\/joga\/wp-json\/wp\/v2\/tags?post=780"}],"curies":[{"name":"wp","href":"https:\/\/api.w.org\/{rel}","templated":true}]}}